{"id":423,"date":"2018-06-21T22:47:00","date_gmt":"2018-06-21T20:47:00","guid":{"rendered":"http:\/\/catchingthesky.pl\/?p=423"},"modified":"2024-02-02T17:39:39","modified_gmt":"2024-02-02T15:39:39","slug":"tatry-z-psem-tatliakowe-jezioro-smutna-dolina","status":"publish","type":"post","link":"https:\/\/catchingthesky.pl\/index.php\/2018\/06\/21\/tatry-z-psem-tatliakowe-jezioro-smutna-dolina\/","title":{"rendered":"Kierunek: Tatry z psem! \u0164atliakovo jezero \/ Smutna Dolina \/ S\u0142owacja, Wysokie Tatry"},"content":{"rendered":"\n<p>W \u015brod\u0119, dwudziestego czerwca, zamiast sp\u0119dza\u0107 kolejny dzie\u0144 w mie\u015bcie pojechali\u015bmy w g\u00f3ry. Gdzie? W Tarty. Na S\u0142owacj\u0119. Decyzja o wyje\u017adzie zapad\u0142a do\u015b\u0107 spontanicznie, poniewa\u017c jedynie trzy, mo\u017ce cztery dni wcze\u015bniej.<\/p>\n\n\n\n<p>Wed\u0142ug naszych pocz\u0105tkowych plan\u00f3w, trasa mia\u0142a wygl\u0105da\u0107\u00a0<a href=\"https:\/\/mapa-turystyczna.pl\/route?q=49.233965,19.7153091;49.205857,19.734154;49.2057102,19.7462082;49.213701,19.747431;49.233965,19.7153091\">w ten spos\u00f3b<\/a>, ale na miejscu, b\u0119d\u0105c ju\u017c prawie na samej g\u00f3rze,\u00a0podj\u0119li\u015bmy decyzj\u0119 o skr\u00f3ceniu jej\u00a0dla bezpiecze\u0144stwa i zdrowia Jimmy&#8217;ego. <\/p>\n\n\n\n<p>Ostatecznie nasza w\u0119dr\u00f3wka wygl\u0105da\u0142a tak:&nbsp;<\/p>\n\n\n\n<figure class=\"wp-block-image aligncenter size-full\"><img loading=\"lazy\" decoding=\"async\" width=\"640\" height=\"408\" src=\"https:\/\/catchingthesky.pl\/wp-content\/uploads\/2022\/08\/Przechwytywanie.png\" alt=\"\" class=\"wp-image-425\" srcset=\"https:\/\/catchingthesky.pl\/wp-content\/uploads\/2022\/08\/Przechwytywanie.png 640w, https:\/\/catchingthesky.pl\/wp-content\/uploads\/2022\/08\/Przechwytywanie-300x191.png 300w, https:\/\/catchingthesky.pl\/wp-content\/uploads\/2022\/08\/Przechwytywanie-94x60.png 94w\" sizes=\"auto, (max-width: 640px) 100vw, 640px\" \/><figcaption class=\"wp-element-caption\"><em>491 m przewy\u017csze\u0144 | najwy\u017cszy punkt 1527 m n.p.m. | dystans 10,6 km<\/em><\/figcaption><\/figure>\n\n\n\n<pre class=\"wp-block-code\" style=\"font-size:14px\"><code><mark style=\"background-color:rgba(0, 0, 0, 0);color:#75a374\" class=\"has-inline-color\">Pod Sp\u00e1lenou \u00bb <\/mark><mark style=\"background-color:rgba(0, 0, 0, 0);color:#bf5252\" class=\"has-inline-color\">\u0160ind\u013eovec, r\u00e1zcestie \u00bb Adamcu\u013ea \u00bb <\/mark><mark style=\"background-color:rgba(0, 0, 0, 0);color:#558cc0\" class=\"has-inline-color\">\u0164atliakova chata \u00bb \u0164atliakovo jezero \u00bb \u0164atliakova chata \u00bb R\u00e1zcestie v Smutnej dolin\u00e9 \u00bb  \u0164atliakova chata \u00bb \u0164atliakovo jezero \u00bb<\/mark><mark style=\"background-color:rgba(0, 0, 0, 0);color:#bf5252\" class=\"has-inline-color\"> \u0164atliakova chata \u00bb Adamcu\u013ea \u00bb<\/mark><mark style=\"background-color:rgba(0, 0, 0, 0);color:#75a374\" class=\"has-inline-color\"> \u0160ind\u013eovec, r\u00e1zcestie \u00bb Pod Sp\u00e1lenou<\/mark><\/code><\/pre>\n\n\n\n<p>Wed\u0142ug mapy mieli\u015bmy przej\u015b\u0107\u00a010,6 km w czasie czterech i p\u00f3\u0142 godziny. W rzeczywisto\u015bci, po tym czasie byli\u015bmy dopiero nieco za po\u0142ow\u0105\u00a0<em>(aczkolwiek mocno spowolni\u0142 nas post\u00f3j w schronisku oraz noszenie szczeniaka przez du\u017c\u0105 cz\u0119\u015b\u0107 trasy)<\/em>. Ca\u0142o\u015b\u0107 przebyli\u015bmy w\u00a0nieco ponad sze\u015b\u0107 godzin.\u00a0<\/p>\n\n\n\n<figure class=\"wp-block-image aligncenter size-full\"><img loading=\"lazy\" decoding=\"async\" width=\"640\" height=\"426\" src=\"https:\/\/catchingthesky.pl\/wp-content\/uploads\/2022\/08\/DSC_0047.jpg\" alt=\"\" class=\"wp-image-426\" srcset=\"https:\/\/catchingthesky.pl\/wp-content\/uploads\/2022\/08\/DSC_0047.jpg 640w, https:\/\/catchingthesky.pl\/wp-content\/uploads\/2022\/08\/DSC_0047-300x200.jpg 300w, https:\/\/catchingthesky.pl\/wp-content\/uploads\/2022\/08\/DSC_0047-90x60.jpg 90w\" sizes=\"auto, (max-width: 640px) 100vw, 640px\" \/><\/figure>\n\n\n\n<p>Trasa jest wr\u0119cz\u00a0spacerowa, przewy\u017cszenie rozk\u0142ada si\u0119 na du\u017cym dystansie. Na pocz\u0105tku mamy do czynienia ze stromym podej\u015bciem, jakby schodami, ale nie nale\u017cy si\u0119 tym kierowa\u0107, p\u00f3\u017aniej trasa wygl\u0105da o wiele lepiej. Niestety od Sindl&#8217;ovec, razcestie a\u017c do Tatliakovej chaty\u00a0droga pokryta jest asfaltem, kt\u00f3ry nie jest najlepszym pod\u0142o\u017cem do spacerowania po nim z psami. Od schroniska do g\u00f3ry mamy\u00a0drog\u0119 le\u015bn\u0105, troch\u0119 kamienist\u0105. Im wy\u017cej, tym wi\u0119cej kamieni, ale\u00a0nie ma bardzo ci\u0119\u017ckich moment\u00f3w. Ludzi nie ma du\u017co, jedynie przy Tatliakovej chacie spotkali\u015bmy ich wi\u0119cej, jednak zdecydowanie nie by\u0142o t\u0142umnie.<\/p>\n\n\n\n<p>Wycieczk\u0119 zaczynamy spod\u00a0du\u017cego, p\u0142atnego parkingu zaraz obok wyci\u0105gu narciarskiego\u00a0<em>(na dzie\u0144 20.06.2018 by\u0142o to 3 euro za post\u00f3j samochodem na ca\u0142y dzie\u0144)<\/em>, sk\u0105d ruszamy zielonym szlakiem, le\u015bn\u0105 dr\u00f3\u017ck\u0105, a\u017c do g\u0142\u00f3wnego, czerwonego szlaku, kt\u00f3ry jest wy\u0142o\u017cony asfaltem. Od tego momentu\u00a0pies musi by\u0107 ca\u0142y czas na smyczy, lepiej te\u017c zabra\u0107 ze sob\u0105 kaganiec. Przy drodze co kilkaset metr\u00f3w s\u0105 \u0142aweczki i stoliki, wi\u0119c nie trzeba robi\u0107 postoju &#8220;na dziko&#8221;. Osobi\u015bcie wola\u0142abym, aby trasa prowadzi\u0142a przez las, poniewa\u017c asfaltowe pod\u0142o\u017ce jest bardzo nieprzyjemne dla psich \u0142ap (moje ca\u0142y czas wola\u0142y i\u015b\u0107 skrawkiem trawy obok).<\/p>\n\n\n\n<p>Przy schronisku po\u0142o\u017cone jest&nbsp;cudowne jezioro,&nbsp;<em>(Kojarzycie te wszystkie pi\u0119kne zdj\u0119cia jezior po\u0142o\u017conych u podn\u00f3\u017ca g\u00f3r, otoczonych lasami iglastymi? W\u0142a\u015bnie tak tam jest!)<\/em>&nbsp;nad nim dwie \u0142aweczki, przy kt\u00f3rych mo\u017cna usi\u0105\u015b\u0107. Od schroniska odbijamy w niebieski szlak, do g\u00f3ry. Idziemy drog\u0105 bardziej le\u015bn\u0105, wraz z wysoko\u015bci\u0105 wzrasta ilo\u015b\u0107 kamieni. Ca\u0142y czas&nbsp;widoki s\u0105 nieziemskie. Niewiele ponad pi\u0119trem kosodrzewiny znajduje si\u0119 kolejne miejsce postojowe, dla nas koniec trasy, bo z tego punktu zawr\u00f3cili\u015bmy. W naszym wypadku droga powrotna wiod\u0142a dok\u0142adnie t\u0105 sam\u0105 tras\u0105, kt\u00f3r\u0105 przyszli\u015bmy.<\/p>\n\n\n\n<figure class=\"wp-block-image aligncenter size-full\"><img loading=\"lazy\" decoding=\"async\" width=\"640\" height=\"426\" src=\"https:\/\/catchingthesky.pl\/wp-content\/uploads\/2022\/08\/DSC_0038.jpg\" alt=\"\" class=\"wp-image-427\" srcset=\"https:\/\/catchingthesky.pl\/wp-content\/uploads\/2022\/08\/DSC_0038.jpg 640w, https:\/\/catchingthesky.pl\/wp-content\/uploads\/2022\/08\/DSC_0038-300x200.jpg 300w, https:\/\/catchingthesky.pl\/wp-content\/uploads\/2022\/08\/DSC_0038-90x60.jpg 90w\" sizes=\"auto, (max-width: 640px) 100vw, 640px\" \/><\/figure>\n\n\n\n<p>By\u0142a to\u00a0pierwsza tak du\u017ca wycieczka m\u0142odego, szczeniaczek w wieku trzech i p\u00f3\u0142 miesi\u0105ca dzielnie pokonywa\u0142 trudno\u015bci trasy. Na wi\u0119kszych podej\u015bciach, zej\u015bciach i bardziej kamienistych odcinkach by\u0142\u00a0niesiony na r\u0119kach\u00a0w trosce jego o rozwijaj\u0105cy si\u0119 uk\u0142ad kostny <em>(masakra, kiedy jeste\u015b drobn\u0105 osob\u0105 i przyjdzie Ci nie\u015b\u0107 dodatkowe 10 kg po g\u00f3rach, ale by\u0142o warto!)<\/em>. Pi\u0119knie sobie radzi\u0142, bardzo \u0142adnie ogarnia\u0142 wszystkie cztery \u0142apki, nie potkn\u0105\u0142 si\u0119 ani razu. Pod koniec w\u0119dr\u00f3wki pad\u0142 wyczerpany, wi\u0119c prawie ca\u0142e zej\u015bcie od Adamcul&#8217;i przespa\u0142 w moich r\u0119kach.<\/p>\n\n\n\n<figure class=\"wp-block-image aligncenter size-full\"><img loading=\"lazy\" decoding=\"async\" width=\"640\" height=\"426\" src=\"https:\/\/catchingthesky.pl\/wp-content\/uploads\/2022\/08\/DSC_0101.jpg\" alt=\"\" class=\"wp-image-428\" srcset=\"https:\/\/catchingthesky.pl\/wp-content\/uploads\/2022\/08\/DSC_0101.jpg 640w, https:\/\/catchingthesky.pl\/wp-content\/uploads\/2022\/08\/DSC_0101-300x200.jpg 300w, https:\/\/catchingthesky.pl\/wp-content\/uploads\/2022\/08\/DSC_0101-90x60.jpg 90w\" sizes=\"auto, (max-width: 640px) 100vw, 640px\" \/><figcaption class=\"wp-element-caption\"><em>woda w Tatliakovym jeziorze jest tak czysta, \u017ce wida\u0107 wszystko, co si\u0119 w niej znajduje, \u0142\u0105cznie z p\u0142ywaj\u0105cymi rybami<\/em><\/figcaption><\/figure>\n\n\n\n<p style=\"font-size:clamp(14px, 0.875rem + ((1vw - 3.2px) * 0.294), 17px);\">Podsumowuj\u0105c&#8230;<br>\u00bb trasa jest bardzo spacerowa, ale od schroniska w g\u00f3r\u0119 nie nadaje si\u0119 na jazd\u0119 rowerem, czy z w\u00f3zkiem dzieci\u0119cym<br>\u00bb im wy\u017cej, tym zimniej, warto pami\u0119ta\u0107 o zabraniu dodatkowego okrycia!\u00a0Kiedy w Polsce i u podn\u00f3\u017ca g\u00f3ry w dzie\u0144 panowa\u0142y temperatury oko\u0142o 30 stopni,\u00a0to wy\u017cej wszyscy musieli\u015bmy za\u0142o\u017cy\u0107 ciep\u0142e bluzy<br>\u00bb lepiej wzi\u0105\u0107 ze sob\u0105 pieni\u0105dze w walucie euro, w ostateczno\u015bci w schronisku zdecydowanie wol\u0105 p\u0142atno\u015b\u0107 w tamtejszej walucie<br>\u00bb mo\u017cna wyd\u0142u\u017cy\u0107 sobie tras\u0119 na kilka sposob\u00f3w, np. przej\u015b\u0107 si\u0119 tak, jak planowali\u015bmy na pocz\u0105tku (p\u0119tla zielonym szlakiem przez Rohacske plesa) albo od miejsca, w kt\u00f3rym my zako\u0144czyli\u015bmy wycieczk\u0119 odbi\u0107 na szczyt\u00a0Banikov (2178 m n.p.m.) b\u0105d\u017a Wo\u0142owiec (2064 m n.p.m.)<\/p>\n\n\n\n<p class=\"has-text-align-center\"><strong>Pozdrawiamy!<\/strong><\/p>\n","protected":false},"excerpt":{"rendered":"<p>W \u015brod\u0119, dwudziestego czerwca zamiast sp\u0119dza\u0107 kolejnego dnia w mie\u015bcie pojechali\u015bmy w g\u00f3ry. Gdzie? W Tarty. Na S\u0142owacj\u0119. Decyzja o wyje\u017adzie zapad\u0142a do\u015b\u0107 spontanicznie, poniewa\u017c jedynie trzy, mo\u017ce cztery dni wcze\u015bniej.<\/p>\n","protected":false},"author":1,"featured_media":424,"comment_status":"open","ping_status":"open","sticky":false,"template":"","format":"standard","meta":{"ub_ctt_via":"","footnotes":""},"categories":[10],"tags":[28,27,135,136,13,18,30,25,33,17,29,34,16,31,32],"class_list":["post-423","post","type-post","status-publish","format-standard","has-post-thumbnail","hentry","category-mountain-trip","tag-gory","tag-gory-z-psem","tag-pies-w-gorach","tag-pies-w-tatrach","tag-puppy","tag-slovakia","tag-slowacja","tag-szczeniak","tag-szczeniak-w-gorach","tag-tatra-mountains","tag-tatry","tag-trasa","tag-trip","tag-wycieczka","tag-wyjazd"],"featured_image_src":"https:\/\/catchingthesky.pl\/wp-content\/uploads\/2022\/08\/DSC_0001.jpg","author_info":{"display_name":"Zosia","author_link":"https:\/\/catchingthesky.pl\/index.php\/author\/admin1040\/"},"_links":{"self":[{"href":"https:\/\/catchingthesky.pl\/index.php\/wp-json\/wp\/v2\/posts\/423","targetHints":{"allow":["GET"]}}],"collection":[{"href":"https:\/\/catchingthesky.pl\/index.php\/wp-json\/wp\/v2\/posts"}],"about":[{"href":"https:\/\/catchingthesky.pl\/index.php\/wp-json\/wp\/v2\/types\/post"}],"author":[{"embeddable":true,"href":"https:\/\/catchingthesky.pl\/index.php\/wp-json\/wp\/v2\/users\/1"}],"replies":[{"embeddable":true,"href":"https:\/\/catchingthesky.pl\/index.php\/wp-json\/wp\/v2\/comments?post=423"}],"version-history":[{"count":7,"href":"https:\/\/catchingthesky.pl\/index.php\/wp-json\/wp\/v2\/posts\/423\/revisions"}],"predecessor-version":[{"id":2309,"href":"https:\/\/catchingthesky.pl\/index.php\/wp-json\/wp\/v2\/posts\/423\/revisions\/2309"}],"wp:featuredmedia":[{"embeddable":true,"href":"https:\/\/catchingthesky.pl\/index.php\/wp-json\/wp\/v2\/media\/424"}],"wp:attachment":[{"href":"https:\/\/catchingthesky.pl\/index.php\/wp-json\/wp\/v2\/media?parent=423"}],"wp:term":[{"taxonomy":"category","embeddable":true,"href":"https:\/\/catchingthesky.pl\/index.php\/wp-json\/wp\/v2\/categories?post=423"},{"taxonomy":"post_tag","embeddable":true,"href":"https:\/\/catchingthesky.pl\/index.php\/wp-json\/wp\/v2\/tags?post=423"}],"curies":[{"name":"wp","href":"https:\/\/api.w.org\/{rel}","templated":true}]}}