{"id":442,"date":"2019-05-04T23:20:00","date_gmt":"2019-05-04T21:20:00","guid":{"rendered":"http:\/\/catchingthesky.pl\/?p=442"},"modified":"2022-08-17T21:25:28","modified_gmt":"2022-08-17T19:25:28","slug":"hrebienok-1285-m-n-p-m-studena-dolina-slowacja-wysokie-tatry","status":"publish","type":"post","link":"https:\/\/catchingthesky.pl\/index.php\/2019\/05\/04\/hrebienok-1285-m-n-p-m-studena-dolina-slowacja-wysokie-tatry\/","title":{"rendered":"Hrebienok 1285 m n.p.m. \/ Studen\u00e1 dolina \/ S\u0142owacja, Wysokie Tatry"},"content":{"rendered":"\n<p style=\"font-size:14px\"><em>Ten artyku\u0142 zosta\u0142 przekopiowany z mojego starego bloga. Jego oryginalna data publikacji to 04\/05\/2019<\/em>.<\/p>\n\n\n\n<p>Pierwszy hiking w tym roku, postawili\u015bmy na do\u015b\u0107 lekk\u0105 tras\u0119, idealnie na rozgrzewk\u0119 przed nadchodz\u0105cymi, dalekimi wyprawami. Korzystaj\u0105c z tego, \u017ce d\u0142ugi weekend majowy sp\u0119dzili\u015bmy na S\u0142owacji, wybrali\u015bmy si\u0119 w jedn\u0105 z okolicznych dolinek. Ca\u0142a trasa by\u0142a do\u015b\u0107 kr\u00f3tka, przyjemna i ma\u0142o wymagaj\u0105ca, fajna na wej\u015bcie w sezon. Oczywi\u015bcie, jak to w Wysokich Tatrach, obfitowa\u0142a w pi\u0119kne widoki.<\/p>\n\n\n\n<figure class=\"wp-block-image aligncenter size-full\"><img loading=\"lazy\" decoding=\"async\" width=\"640\" height=\"408\" src=\"https:\/\/catchingthesky.pl\/wp-content\/uploads\/2022\/08\/1.jpg\" alt=\"\" class=\"wp-image-444\" srcset=\"https:\/\/catchingthesky.pl\/wp-content\/uploads\/2022\/08\/1.jpg 640w, https:\/\/catchingthesky.pl\/wp-content\/uploads\/2022\/08\/1-300x191.jpg 300w, https:\/\/catchingthesky.pl\/wp-content\/uploads\/2022\/08\/1-94x60.jpg 94w\" sizes=\"auto, (max-width: 640px) 100vw, 640px\" \/><figcaption><em>387 m przewy\u017csze\u0144 | najwy\u017cszy punkt 1285 m n.p.m. | dystans 6,5 km<\/em><\/figcaption><\/figure>\n\n\n\n<pre class=\"wp-block-code\"><code><mark style=\"background-color:rgba(0, 0, 0, 0)\" class=\"has-inline-color has-luminous-vivid-amber-color\">Tatransk\u00e1 Lesn\u00e1 \u00bb punkt widokowy nad potokiem \u00bb Nad Dlh\u00fdm vodospadem \u00bb<\/mark> <mark style=\"background-color:rgba(0, 0, 0, 0);color:#799c78\" class=\"has-inline-color\">Bilikova chata \u00bb Hrebienok \u00bb Star\u00fd Smokovec<\/mark><\/code><\/pre>\n\n\n\n<p>Wed\u0142ug strony&nbsp;<a href=\"http:\/\/mapa-turystyczna.pl\/\">mapa-turystyczna.pl<\/a>&nbsp;mieli\u015bmy przej\u015b\u0107 dystans&nbsp;6,5 km w czasie dw\u00f3ch godzin i pi\u0119tnastu minut. Czas przej\u015bcia wyd\u0142u\u017cy\u0142 nam si\u0119 o ponad po\u0142ow\u0119 przez liczne postoje na zrobienie zdj\u0119\u0107 i pobyt w Bilikovej chacie, gdzie zjedli\u015bmy obiad i przeczekali\u015bmy najbardziej ulewny deszcz.<\/p>\n\n\n\n<figure class=\"wp-block-image aligncenter size-full\"><img loading=\"lazy\" decoding=\"async\" width=\"640\" height=\"427\" src=\"https:\/\/catchingthesky.pl\/wp-content\/uploads\/2022\/08\/DSC_2226.jpg\" alt=\"\" class=\"wp-image-445\" srcset=\"https:\/\/catchingthesky.pl\/wp-content\/uploads\/2022\/08\/DSC_2226.jpg 640w, https:\/\/catchingthesky.pl\/wp-content\/uploads\/2022\/08\/DSC_2226-300x200.jpg 300w, https:\/\/catchingthesky.pl\/wp-content\/uploads\/2022\/08\/DSC_2226-90x60.jpg 90w\" sizes=\"auto, (max-width: 640px) 100vw, 640px\" \/><\/figure>\n\n\n\n<p><br>Trasa jest kr\u00f3tka, ma\u0142o wymagaj\u0105ca, aczkolwiek zdarzaj\u0105 si\u0119 na niej ci\u0119\u017csze podej\u015bcia.&nbsp;W jednym miejscu musia\u0142am wzi\u0105\u0107 Marleya na r\u0119ce, a Jima ca\u0142y czas kierowa\u0107 komendami, \u017ceby\u015bmy nie spadli ze stromej \u015bciany. Niemal\u017ce ca\u0142\u0105 drog\u0119 idzie si\u0119 po kamieniach&nbsp;<em>(opr\u00f3cz momentu przy samym Hrebienoku, obok stacji kolejki)<\/em>&nbsp;lub le\u015bn\u0105 drog\u0105,&nbsp;nie ma mo\u017cliwo\u015bci przejechania trasy na rowerze czy z w\u00f3zkiem dzieci\u0119cym.&nbsp;Id\u0105c z Tatranskiej Lesnej do D\u0142ugiego Wodospadu&nbsp;<em>(Dlh\u00fd vodospad)<\/em> spotkali\u015bmy trzy osoby na trasie, naprawd\u0119 niewiele. Zdecydowanie wi\u0119cej by\u0142o ich w Bilikovej chacie i w okolicach kolejki.<\/p>\n\n\n\n<p>Wycieczk\u0119 zaczynamy od&nbsp;wej\u015bcia na \u017c\u00f3\u0142ty szlak w Tatranskiej Lesnej, sk\u0105d idziemy le\u015bn\u0105, kamienist\u0105 drog\u0105 wzd\u0142u\u017c potoku. Nie ma tam \u017cadnych \u0142aweczek, wi\u0119c ewentualne postoje trzeba robi\u0107 &#8220;na dziko&#8221;. Ci\u0119\u017cszy moment pojawia si\u0119 prawie przy samym punkcie widokowym, jest to&nbsp;bardzo stroma \u015bciana, kt\u00f3r\u0105 nie za bardzo da si\u0119 obej\u015b\u0107. Po przej\u015bciu tego trudniejszego momentu natykamy si\u0119 na drewnian\u0105 \u0142aweczk\u0119 z cudownym widokiem na wodospad. Od tego miejsca dzieli nas ju\u017c rzut beretem od schroniska i szczytu. Za punktem widokowym znajduje si\u0119&nbsp;rozwidlenie dr\u00f3g, tam wchodzimy na zielony szlak prowadz\u0105cy na Hrebienok, po drodze znajduje si\u0119 Bilikova chata,&nbsp;do kt\u00f3rej nie mo\u017cna wchodzi\u0107 z psami, ale za to na zewn\u0105trz znajduje si\u0119 kilka stolik\u00f3w&nbsp;<em>(niestety nie s\u0105 zadaszone, przez co troch\u0119 zmokli\u015bmy podczas deszczu)<\/em>.<\/p>\n\n\n\n<figure class=\"wp-block-image aligncenter size-full\"><img loading=\"lazy\" decoding=\"async\" width=\"640\" height=\"427\" src=\"https:\/\/catchingthesky.pl\/wp-content\/uploads\/2022\/08\/DSC_2314-2.jpg\" alt=\"\" class=\"wp-image-446\" srcset=\"https:\/\/catchingthesky.pl\/wp-content\/uploads\/2022\/08\/DSC_2314-2.jpg 640w, https:\/\/catchingthesky.pl\/wp-content\/uploads\/2022\/08\/DSC_2314-2-300x200.jpg 300w, https:\/\/catchingthesky.pl\/wp-content\/uploads\/2022\/08\/DSC_2314-2-90x60.jpg 90w\" sizes=\"auto, (max-width: 640px) 100vw, 640px\" \/><\/figure>\n\n\n\n<p><br>Psy poradzi\u0142y sobie znakomicie, prawie ca\u0142\u0105 tras\u0119 przesz\u0142y same (nie licz\u0105c tego nieszcz\u0119snego momentu, w kt\u00f3rym musia\u0142am wzi\u0105\u0107 spaniela na r\u0119ce), a na koniec zasn\u0119\u0142y zm\u0119czone kilkugodzinn\u0105 w\u0119dr\u00f3wk\u0105.<\/p>\n\n\n\n<p style=\"font-size:clamp(14px, 0.875rem + ((1vw - 3.2px) * 0.294), 17px);\"><strong>W skr\u00f3cie:<\/strong><br>\u00bb trasa jest lekka, przyjemna, ale nie nadaje si\u0119 na jazd\u0119 rowerem lub z w\u00f3zkiem dzieci\u0119cym<br>\u00bb w schronisku ceny nie by\u0142y wyg\u00f3rowane, ale p\u0142atno\u015b\u0107 by\u0142a mo\u017cliwa tylko w euro<br>\u00bb jest mo\u017cliwo\u015b\u0107 wjazdu prawie na sam szczyt i zjazdu w d\u00f3\u0142 kolejk\u0105, do kt\u00f3rej mo\u017cna wej\u015b\u0107 z psami<br>\u00bb istnieje wiele mo\u017cliwo\u015bci wyd\u0142u\u017cenia tej trasy, na przyk\u0142ad przy punkcie widokowym,<br>zamiast i\u015b\u0107 w stron\u0119 Hrebienoka, mo\u017cna p\u00f3j\u015b\u0107 dalej \u017c\u00f3\u0142tym szlakiem, a nast\u0119pnie niebieskim<br>w stron\u0119 Rainerovej chaty, a stamt\u0105d zej\u015b\u0107 czerwonym szlakiem do Starego Smokovca<\/p>\n\n\n\n<figure class=\"wp-block-gallery aligncenter has-nested-images columns-2 is-cropped wp-block-gallery-1 is-layout-flex wp-block-gallery-is-layout-flex\">\n<figure class=\"wp-block-image size-large\"><img loading=\"lazy\" decoding=\"async\" width=\"640\" height=\"427\" data-id=\"450\" src=\"https:\/\/catchingthesky.pl\/wp-content\/uploads\/2022\/08\/DSC_2284.jpg\" alt=\"\" class=\"wp-image-450\" srcset=\"https:\/\/catchingthesky.pl\/wp-content\/uploads\/2022\/08\/DSC_2284.jpg 640w, https:\/\/catchingthesky.pl\/wp-content\/uploads\/2022\/08\/DSC_2284-300x200.jpg 300w, https:\/\/catchingthesky.pl\/wp-content\/uploads\/2022\/08\/DSC_2284-90x60.jpg 90w\" sizes=\"auto, (max-width: 640px) 100vw, 640px\" \/><\/figure>\n\n\n\n<figure class=\"wp-block-image size-large\"><img loading=\"lazy\" decoding=\"async\" width=\"640\" height=\"427\" data-id=\"447\" src=\"https:\/\/catchingthesky.pl\/wp-content\/uploads\/2022\/08\/DSC_2273.jpg\" alt=\"\" class=\"wp-image-447\" srcset=\"https:\/\/catchingthesky.pl\/wp-content\/uploads\/2022\/08\/DSC_2273.jpg 640w, https:\/\/catchingthesky.pl\/wp-content\/uploads\/2022\/08\/DSC_2273-300x200.jpg 300w, https:\/\/catchingthesky.pl\/wp-content\/uploads\/2022\/08\/DSC_2273-90x60.jpg 90w\" sizes=\"auto, (max-width: 640px) 100vw, 640px\" \/><\/figure>\n\n\n\n<figure class=\"wp-block-image size-large\"><img loading=\"lazy\" decoding=\"async\" width=\"640\" height=\"427\" data-id=\"449\" src=\"https:\/\/catchingthesky.pl\/wp-content\/uploads\/2022\/08\/DSC_2341.jpg\" alt=\"\" class=\"wp-image-449\" srcset=\"https:\/\/catchingthesky.pl\/wp-content\/uploads\/2022\/08\/DSC_2341.jpg 640w, https:\/\/catchingthesky.pl\/wp-content\/uploads\/2022\/08\/DSC_2341-300x200.jpg 300w, https:\/\/catchingthesky.pl\/wp-content\/uploads\/2022\/08\/DSC_2341-90x60.jpg 90w\" sizes=\"auto, (max-width: 640px) 100vw, 640px\" \/><\/figure>\n\n\n\n<figure class=\"wp-block-image size-large\"><img loading=\"lazy\" decoding=\"async\" width=\"640\" height=\"427\" data-id=\"448\" src=\"https:\/\/catchingthesky.pl\/wp-content\/uploads\/2022\/08\/DSC_2320-1.jpg\" alt=\"\" class=\"wp-image-448\" srcset=\"https:\/\/catchingthesky.pl\/wp-content\/uploads\/2022\/08\/DSC_2320-1.jpg 640w, https:\/\/catchingthesky.pl\/wp-content\/uploads\/2022\/08\/DSC_2320-1-300x200.jpg 300w, https:\/\/catchingthesky.pl\/wp-content\/uploads\/2022\/08\/DSC_2320-1-90x60.jpg 90w\" sizes=\"auto, (max-width: 640px) 100vw, 640px\" \/><\/figure>\n<\/figure>\n","protected":false},"excerpt":{"rendered":"<p>Pierwszy hiking w tym roku, postawili\u015bmy na do\u015b\u0107 lekk\u0105 tras\u0119, idealnie na rozgrzewk\u0119 przed nadchodz\u0105cymi, dalekimi wyprawami. Korzystaj\u0105c z tego, \u017ce d\u0142ugi weekend majowy sp\u0119dzili\u015bmy na S\u0142owacji, wybrali\u015bmy si\u0119 w jedn\u0105 z okolicznych dolinek. Ca\u0142a trasa by\u0142a do\u015b\u0107 kr\u00f3tka, przyjemna i ma\u0142o wymagaj\u0105ca, fajna na wej\u015bcie w sezon. Oczywi\u015bcie, jak to w Wysokich Tatrach, obfitowa\u0142a w pi\u0119kne widoki.<\/p>\n","protected":false},"author":1,"featured_media":443,"comment_status":"open","ping_status":"open","sticky":false,"template":"","format":"standard","meta":{"ub_ctt_via":"","footnotes":""},"categories":[10],"tags":[28,27,18,30,21,17,29,16,35,31,32],"class_list":["post-442","post","type-post","status-publish","format-standard","has-post-thumbnail","hentry","category-mountain-trip","tag-gory","tag-gory-z-psem","tag-slovakia","tag-slowacja","tag-spacer","tag-tatra-mountains","tag-tatry","tag-trip","tag-w-gorach","tag-wycieczka","tag-wyjazd"],"featured_image_src":"https:\/\/catchingthesky.pl\/wp-content\/uploads\/2022\/08\/2.jpg","author_info":{"display_name":"Zosia","author_link":"https:\/\/catchingthesky.pl\/index.php\/author\/admin1040\/"},"_links":{"self":[{"href":"https:\/\/catchingthesky.pl\/index.php\/wp-json\/wp\/v2\/posts\/442","targetHints":{"allow":["GET"]}}],"collection":[{"href":"https:\/\/catchingthesky.pl\/index.php\/wp-json\/wp\/v2\/posts"}],"about":[{"href":"https:\/\/catchingthesky.pl\/index.php\/wp-json\/wp\/v2\/types\/post"}],"author":[{"embeddable":true,"href":"https:\/\/catchingthesky.pl\/index.php\/wp-json\/wp\/v2\/users\/1"}],"replies":[{"embeddable":true,"href":"https:\/\/catchingthesky.pl\/index.php\/wp-json\/wp\/v2\/comments?post=442"}],"version-history":[{"count":3,"href":"https:\/\/catchingthesky.pl\/index.php\/wp-json\/wp\/v2\/posts\/442\/revisions"}],"predecessor-version":[{"id":453,"href":"https:\/\/catchingthesky.pl\/index.php\/wp-json\/wp\/v2\/posts\/442\/revisions\/453"}],"wp:featuredmedia":[{"embeddable":true,"href":"https:\/\/catchingthesky.pl\/index.php\/wp-json\/wp\/v2\/media\/443"}],"wp:attachment":[{"href":"https:\/\/catchingthesky.pl\/index.php\/wp-json\/wp\/v2\/media?parent=442"}],"wp:term":[{"taxonomy":"category","embeddable":true,"href":"https:\/\/catchingthesky.pl\/index.php\/wp-json\/wp\/v2\/categories?post=442"},{"taxonomy":"post_tag","embeddable":true,"href":"https:\/\/catchingthesky.pl\/index.php\/wp-json\/wp\/v2\/tags?post=442"}],"curies":[{"name":"wp","href":"https:\/\/api.w.org\/{rel}","templated":true}]}}